{"id":2004,"date":"2014-12-09T15:36:26","date_gmt":"2014-12-09T14:36:26","guid":{"rendered":"http:\/\/www.augen-blicke-afrika.de\/blog\/?p=2004"},"modified":"2025-11-03T15:01:03","modified_gmt":"2025-11-03T14:01:03","slug":"impressionen-vom-symposium-2014","status":"publish","type":"post","link":"https:\/\/www.augen-blicke-afrika.de\/blog\/impressionen-vom-symposium-2014\/","title":{"rendered":"Impressionen vom Symposium 2014"},"content":{"rendered":"<p><strong>Wir sind sehr zufrieden und gl\u00fccklich \u00fcber den spannenden und aufregenden Verlauf unseres Festivals.<\/strong> Die Kritik war durchweg positiv was unsere Filmauswahl, die Durchf\u00fchrung, unsere afrikanischen G\u00e4ste und den australischen Gast betrifft. Auch die leicht gestiegene Zuschauerzahl ermutigt uns, im n\u00e4chsten Jahr das Festival fortzuf\u00fchren und sogleich auf die Suche nach neuen spannenden und erkenntnisreichen afrikanischen Filmen zu gehen.<br \/>\nUm R\u00fcckmeldungen und Kommentare zum Festival wird gebeten.<\/p>\n<table style=\"border: 0\">\n<tbody>\n<tr  style=\"border: 0\">\n<td style=\"border: 0\"><a href=\"http:\/\/www.augen-blicke-afrika.de\/blog\/wp-content\/uploads\/2014\/12\/DSC4487.jpeg\"><img loading=\"lazy\" decoding=\"async\" class=\"wp-image-2006 size-medium\" src=\"http:\/\/www.augen-blicke-afrika.de\/blog\/wp-content\/uploads\/2014\/12\/DSC4487-300x200.jpeg\" alt=\"_DSC4487\" width=\"300\" height=\"200\" srcset=\"https:\/\/www.augen-blicke-afrika.de\/blog\/wp-content\/uploads\/2014\/12\/DSC4487-300x200.jpeg 300w, https:\/\/www.augen-blicke-afrika.de\/blog\/wp-content\/uploads\/2014\/12\/DSC4487-449x300.jpeg 449w, https:\/\/www.augen-blicke-afrika.de\/blog\/wp-content\/uploads\/2014\/12\/DSC4487.jpeg 511w\" sizes=\"auto, (max-width: 300px) 100vw, 300px\" \/><\/a><\/td>\n<td style=\"border: 0\"><a href=\"http:\/\/www.augen-blicke-afrika.de\/blog\/wp-content\/uploads\/2014\/12\/DSC4485.jpeg\"><img loading=\"lazy\" decoding=\"async\" class=\"wp-image-2007 size-medium\" src=\"http:\/\/www.augen-blicke-afrika.de\/blog\/wp-content\/uploads\/2014\/12\/DSC4485-300x200.jpeg\" alt=\"_DSC4485\" width=\"300\" height=\"200\" srcset=\"https:\/\/www.augen-blicke-afrika.de\/blog\/wp-content\/uploads\/2014\/12\/DSC4485-300x200.jpeg 300w, https:\/\/www.augen-blicke-afrika.de\/blog\/wp-content\/uploads\/2014\/12\/DSC4485-449x300.jpeg 449w, https:\/\/www.augen-blicke-afrika.de\/blog\/wp-content\/uploads\/2014\/12\/DSC4485.jpeg 511w\" sizes=\"auto, (max-width: 300px) 100vw, 300px\" \/><\/a><\/td>\n<\/tr>\n<tr s style=\"border: 0\">\n<td  style=\"border: 0\">\n<footer class=\"entry-meta\"><strong><span class=\"leave-reply\">Julien Enoka Ayemba, Balufu Bakupa-Kanyinda, Jihan El-Tahri, Jean Pierre Bekolo<\/span><\/strong><\/footer>\n<\/td>\n<td  style=\"border: 0\">\n<footer class=\"entry-meta\"><strong><span class=\"leave-reply\">Hans-J\u00f6rg Heinrich, Julien Enoka Ayemba, Barbara Derboven (\u00dcbersetzerin) Balufu Bakupa-Kanyinda, Jean Pierre Bekolo, Jihan El-Tahri<\/span><\/strong><\/footer>\n<\/td>\n<\/tr>\n<\/tbody>\n<\/table>\n<table>\n<tbody>\n<tr>\n<td><a href=\"http:\/\/www.augen-blicke-afrika.de\/blog\/wp-content\/uploads\/2014\/12\/DSC4514.jpeg\"><img loading=\"lazy\" decoding=\"async\" class=\"alignnone size-medium wp-image-2008\" src=\"http:\/\/www.augen-blicke-afrika.de\/blog\/wp-content\/uploads\/2014\/12\/DSC4514-300x200.jpeg\" alt=\"_DSC4514\" width=\"300\" height=\"200\" srcset=\"https:\/\/www.augen-blicke-afrika.de\/blog\/wp-content\/uploads\/2014\/12\/DSC4514-300x200.jpeg 300w, https:\/\/www.augen-blicke-afrika.de\/blog\/wp-content\/uploads\/2014\/12\/DSC4514-449x300.jpeg 449w, https:\/\/www.augen-blicke-afrika.de\/blog\/wp-content\/uploads\/2014\/12\/DSC4514.jpeg 511w\" sizes=\"auto, (max-width: 300px) 100vw, 300px\" \/><\/a><\/td>\n<td><a href=\"http:\/\/www.augen-blicke-afrika.de\/blog\/wp-content\/uploads\/2014\/12\/DSC4548.jpeg\"><img loading=\"lazy\" decoding=\"async\" class=\"alignnone size-medium wp-image-2009\" src=\"http:\/\/www.augen-blicke-afrika.de\/blog\/wp-content\/uploads\/2014\/12\/DSC4548-300x200.jpeg\" alt=\"_DSC4548\" width=\"300\" height=\"200\" srcset=\"https:\/\/www.augen-blicke-afrika.de\/blog\/wp-content\/uploads\/2014\/12\/DSC4548-300x200.jpeg 300w, https:\/\/www.augen-blicke-afrika.de\/blog\/wp-content\/uploads\/2014\/12\/DSC4548-449x300.jpeg 449w, https:\/\/www.augen-blicke-afrika.de\/blog\/wp-content\/uploads\/2014\/12\/DSC4548.jpeg 511w\" sizes=\"auto, (max-width: 300px) 100vw, 300px\" \/><\/a><\/td>\n<\/tr>\n<tr>\n<td><a href=\"http:\/\/www.augen-blicke-afrika.de\/blog\/wp-content\/uploads\/2014\/12\/DSC4558.jpeg\"><img loading=\"lazy\" decoding=\"async\" class=\"alignnone size-medium wp-image-2010\" src=\"http:\/\/www.augen-blicke-afrika.de\/blog\/wp-content\/uploads\/2014\/12\/DSC4558-300x200.jpeg\" alt=\"_DSC4558\" width=\"300\" height=\"200\" srcset=\"https:\/\/www.augen-blicke-afrika.de\/blog\/wp-content\/uploads\/2014\/12\/DSC4558-300x200.jpeg 300w, https:\/\/www.augen-blicke-afrika.de\/blog\/wp-content\/uploads\/2014\/12\/DSC4558-449x300.jpeg 449w, https:\/\/www.augen-blicke-afrika.de\/blog\/wp-content\/uploads\/2014\/12\/DSC4558.jpeg 511w\" sizes=\"auto, (max-width: 300px) 100vw, 300px\" \/><\/a><\/td>\n<td><a href=\"http:\/\/www.augen-blicke-afrika.de\/blog\/wp-content\/uploads\/2014\/12\/DSC4579.jpeg\"><img loading=\"lazy\" decoding=\"async\" class=\"alignnone size-medium wp-image-2012\" src=\"http:\/\/www.augen-blicke-afrika.de\/blog\/wp-content\/uploads\/2014\/12\/DSC4579-300x200.jpeg\" alt=\"_DSC4579\" width=\"300\" height=\"200\" srcset=\"https:\/\/www.augen-blicke-afrika.de\/blog\/wp-content\/uploads\/2014\/12\/DSC4579-300x200.jpeg 300w, https:\/\/www.augen-blicke-afrika.de\/blog\/wp-content\/uploads\/2014\/12\/DSC4579-449x300.jpeg 449w, https:\/\/www.augen-blicke-afrika.de\/blog\/wp-content\/uploads\/2014\/12\/DSC4579.jpeg 511w\" sizes=\"auto, (max-width: 300px) 100vw, 300px\" \/><\/a><\/td>\n<\/tr>\n<tr>\n<td><a href=\"http:\/\/www.augen-blicke-afrika.de\/blog\/wp-content\/uploads\/2014\/12\/DSC4575.jpeg\"><img loading=\"lazy\" decoding=\"async\" class=\"alignnone size-medium wp-image-2011\" src=\"http:\/\/www.augen-blicke-afrika.de\/blog\/wp-content\/uploads\/2014\/12\/DSC4575-300x200.jpeg\" alt=\"_DSC4575\" width=\"300\" height=\"200\" srcset=\"https:\/\/www.augen-blicke-afrika.de\/blog\/wp-content\/uploads\/2014\/12\/DSC4575-300x200.jpeg 300w, https:\/\/www.augen-blicke-afrika.de\/blog\/wp-content\/uploads\/2014\/12\/DSC4575-449x300.jpeg 449w, https:\/\/www.augen-blicke-afrika.de\/blog\/wp-content\/uploads\/2014\/12\/DSC4575.jpeg 511w\" sizes=\"auto, (max-width: 300px) 100vw, 300px\" \/><\/a><\/td>\n<td><a href=\"http:\/\/www.augen-blicke-afrika.de\/blog\/wp-content\/uploads\/2014\/12\/DSC4612.jpeg\"><img loading=\"lazy\" decoding=\"async\" class=\"alignnone size-medium wp-image-2013\" src=\"http:\/\/www.augen-blicke-afrika.de\/blog\/wp-content\/uploads\/2014\/12\/DSC4612-300x200.jpeg\" alt=\"_DSC4612\" width=\"300\" height=\"200\" srcset=\"https:\/\/www.augen-blicke-afrika.de\/blog\/wp-content\/uploads\/2014\/12\/DSC4612-300x200.jpeg 300w, https:\/\/www.augen-blicke-afrika.de\/blog\/wp-content\/uploads\/2014\/12\/DSC4612-449x300.jpeg 449w, https:\/\/www.augen-blicke-afrika.de\/blog\/wp-content\/uploads\/2014\/12\/DSC4612.jpeg 511w\" sizes=\"auto, (max-width: 300px) 100vw, 300px\" \/><\/a><\/td>\n<\/tr>\n<tr>\n<td><a href=\"http:\/\/www.augen-blicke-afrika.de\/blog\/wp-content\/uploads\/2014\/12\/DSC4616.jpeg\"><img loading=\"lazy\" decoding=\"async\" class=\"wp-image-2014 size-medium\" src=\"http:\/\/www.augen-blicke-afrika.de\/blog\/wp-content\/uploads\/2014\/12\/DSC4616-300x200.jpeg\" alt=\"_DSC4616\" width=\"300\" height=\"200\" srcset=\"https:\/\/www.augen-blicke-afrika.de\/blog\/wp-content\/uploads\/2014\/12\/DSC4616-300x200.jpeg 300w, https:\/\/www.augen-blicke-afrika.de\/blog\/wp-content\/uploads\/2014\/12\/DSC4616-449x300.jpeg 449w, https:\/\/www.augen-blicke-afrika.de\/blog\/wp-content\/uploads\/2014\/12\/DSC4616.jpeg 511w\" sizes=\"auto, (max-width: 300px) 100vw, 300px\" \/><\/a><\/td>\n<td style=\"vertical-align: top;\">\n<footer class=\"entry-meta\"><strong><span class=\"leave-reply\">von links nach rechts<br \/>Ingrid Wernich,<br \/>Jean Pierre Bekolo,<br \/>Hans-J\u00f6rg Heinrich,<br \/>Jihan El-Tahri,<br \/>Julien Enoka Ayemba,<br \/>Balufu Bakupa-Kanyinda,<br \/>Ayemba,<br \/>Burkhard Leber,<br \/>Barbara Derboven<\/span><\/strong><\/footer>\n<\/td>\n<\/tr>\n<\/tbody>\n<\/table>\n<p>&nbsp;<\/p>\n","protected":false},"excerpt":{"rendered":"<p>Wir sind sehr zufrieden und gl\u00fccklich \u00fcber den spannenden und aufregenden Verlauf unseres Festivals. Die Kritik war durchweg positiv was unsere Filmauswahl, die Durchf\u00fchrung, unsere afrikanischen G\u00e4ste und den australischen Gast betrifft. Auch die leicht gestiegene Zuschauerzahl ermutigt uns, im &hellip; <a href=\"https:\/\/www.augen-blicke-afrika.de\/blog\/impressionen-vom-symposium-2014\/\">Weiterlesen <span class=\"meta-nav\">&rarr;<\/span><\/a><\/p>\n","protected":false},"author":3,"featured_media":0,"comment_status":"closed","ping_status":"closed","sticky":false,"template":"","format":"standard","meta":{"footnotes":""},"categories":[1],"tags":[],"class_list":["post-2004","post","type-post","status-publish","format-standard","hentry","category-allgemein"],"_links":{"self":[{"href":"https:\/\/www.augen-blicke-afrika.de\/blog\/wp-json\/wp\/v2\/posts\/2004","targetHints":{"allow":["GET"]}}],"collection":[{"href":"https:\/\/www.augen-blicke-afrika.de\/blog\/wp-json\/wp\/v2\/posts"}],"about":[{"href":"https:\/\/www.augen-blicke-afrika.de\/blog\/wp-json\/wp\/v2\/types\/post"}],"author":[{"embeddable":true,"href":"https:\/\/www.augen-blicke-afrika.de\/blog\/wp-json\/wp\/v2\/users\/3"}],"replies":[{"embeddable":true,"href":"https:\/\/www.augen-blicke-afrika.de\/blog\/wp-json\/wp\/v2\/comments?post=2004"}],"version-history":[{"count":26,"href":"https:\/\/www.augen-blicke-afrika.de\/blog\/wp-json\/wp\/v2\/posts\/2004\/revisions"}],"predecessor-version":[{"id":2041,"href":"https:\/\/www.augen-blicke-afrika.de\/blog\/wp-json\/wp\/v2\/posts\/2004\/revisions\/2041"}],"wp:attachment":[{"href":"https:\/\/www.augen-blicke-afrika.de\/blog\/wp-json\/wp\/v2\/media?parent=2004"}],"wp:term":[{"taxonomy":"category","embeddable":true,"href":"https:\/\/www.augen-blicke-afrika.de\/blog\/wp-json\/wp\/v2\/categories?post=2004"},{"taxonomy":"post_tag","embeddable":true,"href":"https:\/\/www.augen-blicke-afrika.de\/blog\/wp-json\/wp\/v2\/tags?post=2004"}],"curies":[{"name":"wp","href":"https:\/\/api.w.org\/{rel}","templated":true}]}}